{"id":980,"date":"2023-06-06T17:04:25","date_gmt":"2023-06-06T17:04:25","guid":{"rendered":"http:\/\/blog.uees.edu.sv\/?p=980"},"modified":"2023-06-26T16:51:56","modified_gmt":"2023-06-26T16:51:56","slug":"la-robotica-educativa-en-el-proceso-de-ensenanza-y-aprendizaje-en-el-fablab-esfe","status":"publish","type":"post","link":"http:\/\/blog.uees.edu.sv\/index.php\/la-robotica-educativa-en-el-proceso-de-ensenanza-y-aprendizaje-en-el-fablab-esfe\/","title":{"rendered":"La rob\u00f3tica educativa en el proceso de ense\u00f1anza y aprendizaje en el FABLAB ESFE."},"content":{"rendered":"<div id=\"pl-980\"  class=\"panel-layout\" ><div id=\"pg-980-0\"  class=\"panel-grid panel-no-style\" ><div id=\"pgc-980-0-0\"  class=\"panel-grid-cell\" ><div id=\"panel-980-0-0-0\" class=\"so-panel widget widget_sow-editor panel-first-child panel-last-child\" data-index=\"0\" ><div class=\"so-widget-sow-editor so-widget-sow-editor-base\">\n<div class=\"siteorigin-widget-tinymce textwidget\">\n\t<h2 style=\"text-align: center;\"><strong>Autor:\u00a0<\/strong>Ulises Aguilar,\u00a0Helen Bola\u00f1os de C\u00e1ceres<br \/>\nEscuela Superior Franciscana Especializada\/AGAPE<img loading=\"lazy\" class=\"alignnone wp-image-981 size-full\" src=\"http:\/\/blog.uees.edu.sv\/wp-content\/uploads\/2023\/06\/PC-Ulises-Esquivel-copia.png\" alt=\"\" width=\"1367\" height=\"2051\" srcset=\"http:\/\/blog.uees.edu.sv\/wp-content\/uploads\/2023\/06\/PC-Ulises-Esquivel-copia.png 1367w, http:\/\/blog.uees.edu.sv\/wp-content\/uploads\/2023\/06\/PC-Ulises-Esquivel-copia-200x300.png 200w, http:\/\/blog.uees.edu.sv\/wp-content\/uploads\/2023\/06\/PC-Ulises-Esquivel-copia-683x1024.png 683w, http:\/\/blog.uees.edu.sv\/wp-content\/uploads\/2023\/06\/PC-Ulises-Esquivel-copia-768x1152.png 768w, http:\/\/blog.uees.edu.sv\/wp-content\/uploads\/2023\/06\/PC-Ulises-Esquivel-copia-1024x1536.png 1024w, http:\/\/blog.uees.edu.sv\/wp-content\/uploads\/2023\/06\/PC-Ulises-Esquivel-copia-1365x2048.png 1365w\" sizes=\"(max-width: 1367px) 100vw, 1367px\" \/><\/h2>\n<p>&nbsp;<\/p>\n<p style=\"text-align: center;\"><iframe title=\"YouTube video player\" src=\"https:\/\/www.youtube.com\/embed\/VHihyz21T8c\" width=\"760\" height=\"515\" frameborder=\"0\" allowfullscreen=\"allowfullscreen\"><\/iframe><\/p>\n<\/div>\n<\/div><\/div><\/div><\/div><\/div>","protected":false},"excerpt":{"rendered":"<p>Autor:\u00a0Ulises Aguilar,\u00a0Helen Bola\u00f1os de C\u00e1ceres Escuela Superior Franciscana Especializada\/AGAPE &nbsp;<\/p>\n","protected":false},"author":1,"featured_media":1015,"comment_status":"open","ping_status":"open","sticky":false,"template":"","format":"standard","meta":[],"categories":[28],"tags":[],"yoast_head":"<!-- This site is optimized with the Yoast SEO plugin v15.6.2 - https:\/\/yoast.com\/wordpress\/plugins\/seo\/ -->\n<title>La rob\u00f3tica educativa en el proceso de ense\u00f1anza y aprendizaje en el FABLAB ESFE. - Blog UEES- Poster Cient\u00edfico<\/title>\n<meta name=\"robots\" content=\"index, follow, max-snippet:-1, max-image-preview:large, max-video-preview:-1\" \/>\n<link rel=\"canonical\" href=\"http:\/\/blog.uees.edu.sv\/index.php\/la-robotica-educativa-en-el-proceso-de-ensenanza-y-aprendizaje-en-el-fablab-esfe\/\" \/>\n<meta property=\"og:locale\" content=\"es_ES\" \/>\n<meta property=\"og:type\" content=\"article\" \/>\n<meta property=\"og:title\" content=\"La rob\u00f3tica educativa en el proceso de ense\u00f1anza y aprendizaje en el FABLAB ESFE. - Blog UEES- Poster Cient\u00edfico\" \/>\n<meta property=\"og:description\" content=\"Autor:\u00a0Ulises Aguilar,\u00a0Helen Bola\u00f1os de C\u00e1ceres Escuela Superior Franciscana Especializada\/AGAPE &nbsp;\" \/>\n<meta property=\"og:url\" content=\"http:\/\/blog.uees.edu.sv\/index.php\/la-robotica-educativa-en-el-proceso-de-ensenanza-y-aprendizaje-en-el-fablab-esfe\/\" \/>\n<meta property=\"og:site_name\" content=\"Blog UEES- Poster Cient\u00edfico\" \/>\n<meta property=\"article:published_time\" content=\"2023-06-06T17:04:25+00:00\" \/>\n<meta property=\"article:modified_time\" content=\"2023-06-26T16:51:56+00:00\" \/>\n<meta property=\"og:image\" content=\"http:\/\/blog.uees.edu.sv\/wp-content\/uploads\/2023\/06\/helen.jpg\" \/>\n\t<meta property=\"og:image:width\" content=\"300\" \/>\n\t<meta property=\"og:image:height\" content=\"150\" \/>\n<meta name=\"twitter:card\" content=\"summary_large_image\" \/>\n<meta name=\"twitter:label1\" content=\"Tiempo de lectura\">\n\t<meta name=\"twitter:data1\" content=\"1 minuto\">\n<script type=\"application\/ld+json\" class=\"yoast-schema-graph\">{\"@context\":\"https:\/\/schema.org\",\"@graph\":[{\"@type\":\"WebSite\",\"@id\":\"http:\/\/blog.uees.edu.sv\/#website\",\"url\":\"http:\/\/blog.uees.edu.sv\/\",\"name\":\"Blog UEES- Poster Cient\\u00edfico\",\"description\":\"\",\"potentialAction\":[{\"@type\":\"SearchAction\",\"target\":\"http:\/\/blog.uees.edu.sv\/?s={search_term_string}\",\"query-input\":\"required name=search_term_string\"}],\"inLanguage\":\"es\"},{\"@type\":\"ImageObject\",\"@id\":\"http:\/\/blog.uees.edu.sv\/index.php\/la-robotica-educativa-en-el-proceso-de-ensenanza-y-aprendizaje-en-el-fablab-esfe\/#primaryimage\",\"inLanguage\":\"es\",\"url\":\"http:\/\/blog.uees.edu.sv\/wp-content\/uploads\/2023\/06\/helen.jpg\",\"width\":300,\"height\":150},{\"@type\":\"WebPage\",\"@id\":\"http:\/\/blog.uees.edu.sv\/index.php\/la-robotica-educativa-en-el-proceso-de-ensenanza-y-aprendizaje-en-el-fablab-esfe\/#webpage\",\"url\":\"http:\/\/blog.uees.edu.sv\/index.php\/la-robotica-educativa-en-el-proceso-de-ensenanza-y-aprendizaje-en-el-fablab-esfe\/\",\"name\":\"La rob\\u00f3tica educativa en el proceso de ense\\u00f1anza y aprendizaje en el FABLAB ESFE. - Blog UEES- Poster Cient\\u00edfico\",\"isPartOf\":{\"@id\":\"http:\/\/blog.uees.edu.sv\/#website\"},\"primaryImageOfPage\":{\"@id\":\"http:\/\/blog.uees.edu.sv\/index.php\/la-robotica-educativa-en-el-proceso-de-ensenanza-y-aprendizaje-en-el-fablab-esfe\/#primaryimage\"},\"datePublished\":\"2023-06-06T17:04:25+00:00\",\"dateModified\":\"2023-06-26T16:51:56+00:00\",\"author\":{\"@id\":\"http:\/\/blog.uees.edu.sv\/#\/schema\/person\/35e705b095cb7b6edad0201f3dccff1c\"},\"inLanguage\":\"es\",\"potentialAction\":[{\"@type\":\"ReadAction\",\"target\":[\"http:\/\/blog.uees.edu.sv\/index.php\/la-robotica-educativa-en-el-proceso-de-ensenanza-y-aprendizaje-en-el-fablab-esfe\/\"]}]},{\"@type\":\"Person\",\"@id\":\"http:\/\/blog.uees.edu.sv\/#\/schema\/person\/35e705b095cb7b6edad0201f3dccff1c\",\"name\":\"usr_blog\"}]}<\/script>\n<!-- \/ Yoast SEO plugin. -->","_links":{"self":[{"href":"http:\/\/blog.uees.edu.sv\/index.php\/wp-json\/wp\/v2\/posts\/980"}],"collection":[{"href":"http:\/\/blog.uees.edu.sv\/index.php\/wp-json\/wp\/v2\/posts"}],"about":[{"href":"http:\/\/blog.uees.edu.sv\/index.php\/wp-json\/wp\/v2\/types\/post"}],"author":[{"embeddable":true,"href":"http:\/\/blog.uees.edu.sv\/index.php\/wp-json\/wp\/v2\/users\/1"}],"replies":[{"embeddable":true,"href":"http:\/\/blog.uees.edu.sv\/index.php\/wp-json\/wp\/v2\/comments?post=980"}],"version-history":[{"count":4,"href":"http:\/\/blog.uees.edu.sv\/index.php\/wp-json\/wp\/v2\/posts\/980\/revisions"}],"predecessor-version":[{"id":1069,"href":"http:\/\/blog.uees.edu.sv\/index.php\/wp-json\/wp\/v2\/posts\/980\/revisions\/1069"}],"wp:featuredmedia":[{"embeddable":true,"href":"http:\/\/blog.uees.edu.sv\/index.php\/wp-json\/wp\/v2\/media\/1015"}],"wp:attachment":[{"href":"http:\/\/blog.uees.edu.sv\/index.php\/wp-json\/wp\/v2\/media?parent=980"}],"wp:term":[{"taxonomy":"category","embeddable":true,"href":"http:\/\/blog.uees.edu.sv\/index.php\/wp-json\/wp\/v2\/categories?post=980"},{"taxonomy":"post_tag","embeddable":true,"href":"http:\/\/blog.uees.edu.sv\/index.php\/wp-json\/wp\/v2\/tags?post=980"}],"curies":[{"name":"wp","href":"https:\/\/api.w.org\/{rel}","templated":true}]}}