{"id":1271,"date":"2024-06-04T20:22:50","date_gmt":"2024-06-04T20:22:50","guid":{"rendered":"http:\/\/blog.uees.edu.sv\/?p=1271"},"modified":"2024-06-24T15:27:42","modified_gmt":"2024-06-24T15:27:42","slug":"diagnostico-de-caries-y-factores-sociodemograficos-en-ninos-de-5-a-12-anos-cabanas-2023","status":"publish","type":"post","link":"http:\/\/blog.uees.edu.sv\/index.php\/diagnostico-de-caries-y-factores-sociodemograficos-en-ninos-de-5-a-12-anos-cabanas-2023\/","title":{"rendered":"Diagn\u00f3stico de caries y factores sociodemogr\u00e1ficos en ni\u00f1os de 5 a 12 a\u00f1os, Caba\u00f1as 2023"},"content":{"rendered":"<div id=\"pl-1271\"  class=\"panel-layout\" ><div id=\"pg-1271-0\"  class=\"panel-grid panel-no-style\" ><div id=\"pgc-1271-0-0\"  class=\"panel-grid-cell\" ><div id=\"panel-1271-0-0-0\" class=\"so-panel widget widget_sow-editor panel-first-child panel-last-child\" data-index=\"0\" ><div class=\"so-widget-sow-editor so-widget-sow-editor-base\">\n<div class=\"siteorigin-widget-tinymce textwidget\">\n\t<h2 style=\"text-align: center;\"><strong>Autor: Elmer Jehovani Portillo Sorto<\/strong><\/h2>\n<h2 style=\"text-align: center;\"><img loading=\"lazy\" class=\"alignnone wp-image-1272 size-full\" src=\"http:\/\/blog.uees.edu.sv\/wp-content\/uploads\/2024\/06\/11.PC_Elmer-Jehovani-Portillo-Sorto..png\" alt=\"\" width=\"1268\" height=\"1641\" srcset=\"http:\/\/blog.uees.edu.sv\/wp-content\/uploads\/2024\/06\/11.PC_Elmer-Jehovani-Portillo-Sorto..png 1268w, http:\/\/blog.uees.edu.sv\/wp-content\/uploads\/2024\/06\/11.PC_Elmer-Jehovani-Portillo-Sorto.-232x300.png 232w, http:\/\/blog.uees.edu.sv\/wp-content\/uploads\/2024\/06\/11.PC_Elmer-Jehovani-Portillo-Sorto.-791x1024.png 791w, http:\/\/blog.uees.edu.sv\/wp-content\/uploads\/2024\/06\/11.PC_Elmer-Jehovani-Portillo-Sorto.-768x994.png 768w, http:\/\/blog.uees.edu.sv\/wp-content\/uploads\/2024\/06\/11.PC_Elmer-Jehovani-Portillo-Sorto.-1187x1536.png 1187w\" sizes=\"(max-width: 1268px) 100vw, 1268px\" \/><\/h2>\n<p style=\"text-align: center;\">\n<p>&nbsp;<\/p>\n<p style=\"text-align: center;\"><iframe width=\"760\" height=\"515\" src=\"https:\/\/www.youtube.com\/embed\/WbJB_9_Q2TU?si=v1XdSgO0bnBy49zg\" title=\"YouTube video player\" frameborder=\"0\" allow=\"accelerometer; autoplay; clipboard-write; encrypted-media; gyroscope; picture-in-picture; web-share\" referrerpolicy=\"strict-origin-when-cross-origin\" allowfullscreen><\/iframe><\/p>\n<\/div>\n<\/div><\/div><\/div><\/div><\/div>","protected":false},"excerpt":{"rendered":"<p>Autor: Elmer Jehovani Portillo Sorto &nbsp;<\/p>\n","protected":false},"author":1,"featured_media":1005,"comment_status":"closed","ping_status":"closed","sticky":false,"template":"","format":"standard","meta":[],"categories":[24],"tags":[],"yoast_head":"<!-- This site is optimized with the Yoast SEO plugin v15.6.2 - https:\/\/yoast.com\/wordpress\/plugins\/seo\/ -->\n<title>Diagn\u00f3stico de caries y factores sociodemogr\u00e1ficos en ni\u00f1os de 5 a 12 a\u00f1os, Caba\u00f1as 2023 - Blog UEES- Poster Cient\u00edfico<\/title>\n<meta name=\"robots\" content=\"index, follow, max-snippet:-1, max-image-preview:large, max-video-preview:-1\" \/>\n<link rel=\"canonical\" href=\"http:\/\/blog.uees.edu.sv\/index.php\/diagnostico-de-caries-y-factores-sociodemograficos-en-ninos-de-5-a-12-anos-cabanas-2023\/\" \/>\n<meta property=\"og:locale\" content=\"es_ES\" \/>\n<meta property=\"og:type\" content=\"article\" \/>\n<meta property=\"og:title\" content=\"Diagn\u00f3stico de caries y factores sociodemogr\u00e1ficos en ni\u00f1os de 5 a 12 a\u00f1os, Caba\u00f1as 2023 - Blog UEES- Poster Cient\u00edfico\" \/>\n<meta property=\"og:description\" content=\"Autor: Elmer Jehovani Portillo Sorto &nbsp;\" \/>\n<meta property=\"og:url\" content=\"http:\/\/blog.uees.edu.sv\/index.php\/diagnostico-de-caries-y-factores-sociodemograficos-en-ninos-de-5-a-12-anos-cabanas-2023\/\" \/>\n<meta property=\"og:site_name\" content=\"Blog UEES- Poster Cient\u00edfico\" \/>\n<meta property=\"article:published_time\" content=\"2024-06-04T20:22:50+00:00\" \/>\n<meta property=\"article:modified_time\" content=\"2024-06-24T15:27:42+00:00\" \/>\n<meta property=\"og:image\" content=\"http:\/\/blog.uees.edu.sv\/wp-content\/uploads\/2023\/06\/edgardo.jpg\" \/>\n\t<meta property=\"og:image:width\" content=\"300\" \/>\n\t<meta property=\"og:image:height\" content=\"150\" \/>\n<meta name=\"twitter:card\" content=\"summary_large_image\" \/>\n<meta name=\"twitter:label1\" content=\"Tiempo de lectura\">\n\t<meta name=\"twitter:data1\" content=\"1 minuto\">\n<script type=\"application\/ld+json\" class=\"yoast-schema-graph\">{\"@context\":\"https:\/\/schema.org\",\"@graph\":[{\"@type\":\"WebSite\",\"@id\":\"http:\/\/blog.uees.edu.sv\/#website\",\"url\":\"http:\/\/blog.uees.edu.sv\/\",\"name\":\"Blog UEES- Poster Cient\\u00edfico\",\"description\":\"\",\"potentialAction\":[{\"@type\":\"SearchAction\",\"target\":\"http:\/\/blog.uees.edu.sv\/?s={search_term_string}\",\"query-input\":\"required name=search_term_string\"}],\"inLanguage\":\"es\"},{\"@type\":\"ImageObject\",\"@id\":\"http:\/\/blog.uees.edu.sv\/index.php\/diagnostico-de-caries-y-factores-sociodemograficos-en-ninos-de-5-a-12-anos-cabanas-2023\/#primaryimage\",\"inLanguage\":\"es\",\"url\":\"http:\/\/blog.uees.edu.sv\/wp-content\/uploads\/2023\/06\/edgardo.jpg\",\"width\":300,\"height\":150},{\"@type\":\"WebPage\",\"@id\":\"http:\/\/blog.uees.edu.sv\/index.php\/diagnostico-de-caries-y-factores-sociodemograficos-en-ninos-de-5-a-12-anos-cabanas-2023\/#webpage\",\"url\":\"http:\/\/blog.uees.edu.sv\/index.php\/diagnostico-de-caries-y-factores-sociodemograficos-en-ninos-de-5-a-12-anos-cabanas-2023\/\",\"name\":\"Diagn\\u00f3stico de caries y factores sociodemogr\\u00e1ficos en ni\\u00f1os de 5 a 12 a\\u00f1os, Caba\\u00f1as 2023 - Blog UEES- Poster Cient\\u00edfico\",\"isPartOf\":{\"@id\":\"http:\/\/blog.uees.edu.sv\/#website\"},\"primaryImageOfPage\":{\"@id\":\"http:\/\/blog.uees.edu.sv\/index.php\/diagnostico-de-caries-y-factores-sociodemograficos-en-ninos-de-5-a-12-anos-cabanas-2023\/#primaryimage\"},\"datePublished\":\"2024-06-04T20:22:50+00:00\",\"dateModified\":\"2024-06-24T15:27:42+00:00\",\"author\":{\"@id\":\"http:\/\/blog.uees.edu.sv\/#\/schema\/person\/35e705b095cb7b6edad0201f3dccff1c\"},\"inLanguage\":\"es\",\"potentialAction\":[{\"@type\":\"ReadAction\",\"target\":[\"http:\/\/blog.uees.edu.sv\/index.php\/diagnostico-de-caries-y-factores-sociodemograficos-en-ninos-de-5-a-12-anos-cabanas-2023\/\"]}]},{\"@type\":\"Person\",\"@id\":\"http:\/\/blog.uees.edu.sv\/#\/schema\/person\/35e705b095cb7b6edad0201f3dccff1c\",\"name\":\"usr_blog\"}]}<\/script>\n<!-- \/ Yoast SEO plugin. -->","_links":{"self":[{"href":"http:\/\/blog.uees.edu.sv\/index.php\/wp-json\/wp\/v2\/posts\/1271"}],"collection":[{"href":"http:\/\/blog.uees.edu.sv\/index.php\/wp-json\/wp\/v2\/posts"}],"about":[{"href":"http:\/\/blog.uees.edu.sv\/index.php\/wp-json\/wp\/v2\/types\/post"}],"author":[{"embeddable":true,"href":"http:\/\/blog.uees.edu.sv\/index.php\/wp-json\/wp\/v2\/users\/1"}],"replies":[{"embeddable":true,"href":"http:\/\/blog.uees.edu.sv\/index.php\/wp-json\/wp\/v2\/comments?post=1271"}],"version-history":[{"count":4,"href":"http:\/\/blog.uees.edu.sv\/index.php\/wp-json\/wp\/v2\/posts\/1271\/revisions"}],"predecessor-version":[{"id":1403,"href":"http:\/\/blog.uees.edu.sv\/index.php\/wp-json\/wp\/v2\/posts\/1271\/revisions\/1403"}],"wp:featuredmedia":[{"embeddable":true,"href":"http:\/\/blog.uees.edu.sv\/index.php\/wp-json\/wp\/v2\/media\/1005"}],"wp:attachment":[{"href":"http:\/\/blog.uees.edu.sv\/index.php\/wp-json\/wp\/v2\/media?parent=1271"}],"wp:term":[{"taxonomy":"category","embeddable":true,"href":"http:\/\/blog.uees.edu.sv\/index.php\/wp-json\/wp\/v2\/categories?post=1271"},{"taxonomy":"post_tag","embeddable":true,"href":"http:\/\/blog.uees.edu.sv\/index.php\/wp-json\/wp\/v2\/tags?post=1271"}],"curies":[{"name":"wp","href":"https:\/\/api.w.org\/{rel}","templated":true}]}}